[{"command":"add_css","data":"\u003Clink rel=\u0022stylesheet\u0022 media=\u0022all\u0022 href=\u0022\/sites\/mediterranee\/files\/css\/css_WklYK80dAitqNwWyh3wz9VsEvDnRucxBF0P176QT5OU.css?delta=0\u0026amp;language=en\u0026amp;theme=mediterranee\u0026amp;include=eJxLKyvRLy7PLEgtAgAWSgQa\u0022 \/\u003E\n"},{"command":"insert","method":"append","selector":"body","data":"\u003Cscript src=\u0022\/sites\/mediterranee\/files\/js\/js_TpQJ03L2DYi9WBbsjQLnZeMYDsZ9zkOZBb1F1KFeRYM.js?scope=footer\u0026amp;delta=0\u0026amp;language=en\u0026amp;theme=mediterranee\u0026amp;include=eJwryyzOzM_LSy0tTtUvQ7ABc-sJoA\u0022\u003E\u003C\/script\u003E\n","settings":null},{"command":"insert","method":"append","selector":"body","data":"\u003Cdiv\u003E\n      \u003Cdiv id=\u0022visionneuse\u0022\u003E\n      \u003Ca href=\u0022#\u0022 class=\u0022close\u0022 title=\u0022Close\u0022\u003E\u003C\/a\u003E\n    \u003Cdiv class=\u0022content\u0022\u003E\n              \u003Cdiv class=\u0022swiper-images\u0022\u003E\n          \u003Cdiv class=\u0022swiper-container\u0022\u003E\n            \u003Cdiv class=\u0022swiper-wrapper\u0022\u003E\n                              \u003Cdiv class=\u0022swiper-slide image-wrapper\u0022\u003E\u003Cdiv\u003E\n    \n    \u003Cdiv class=\u0022label\u0022\u003E\n        L\u0026#039;\u00e9cluse ronde d\u0026#039;Agde\u003Cspan class=\u0022copyright\u0022\u003E\n            \u00a9 Eric Brendle ADT34\n    \u003C\/span\u003E\n    \u003C\/div\u003E\n    \u003Cdiv class=\u0022image\u0022\u003E\n        \n            \u003Cdiv class=\u0022field_media_image\u0022\u003E  \u003Cimg loading=\u0022lazy\u0022 src=\u0022\/sites\/mediterranee\/files\/styles\/visionneuse\/public\/medias\/images\/ecluse_ronde_agde_0.jpg.webp?itok=KimzWOxL\u0022 width=\u0022970\u0022 height=\u0022547\u0022 alt=\u0022L\u0026#039;\u00e9cluse ronde d\u0026#039;Agde\u0022 \/\u003E\n\n\n\n\n\u003C\/div\u003E\n      \n    \u003C\/div\u003E\n\u003C\/div\u003E\n\u003C\/div\u003E\n                              \u003Cdiv class=\u0022swiper-slide image-wrapper\u0022\u003E\u003Cdiv\u003E\n    \n    \u003Cdiv class=\u0022label\u0022\u003E\n        Le port S\u00e8te, joutes nautiques\u003Cspan class=\u0022copyright\u0022\u003E\n            \u00a9 ADT 34 - P. Guyomard\n    \u003C\/span\u003E\n    \u003C\/div\u003E\n    \u003Cdiv class=\u0022image\u0022\u003E\n        \n            \u003Cdiv class=\u0022field_media_image\u0022\u003E  \u003Cimg loading=\u0022lazy\u0022 src=\u0022\/sites\/mediterranee\/files\/styles\/visionneuse\/public\/medias\/images\/port_sete.jpg.webp?itok=VOeXrmnL\u0022 width=\u0022970\u0022 height=\u0022547\u0022 alt=\u0022Le port S\u00e8te, joutes nautiques\u0022 \/\u003E\n\n\n\n\n\u003C\/div\u003E\n      \n    \u003C\/div\u003E\n\u003C\/div\u003E\n\u003C\/div\u003E\n                              \u003Cdiv class=\u0022swiper-slide image-wrapper\u0022\u003E\u003Cdiv\u003E\n    \n    \u003Cdiv class=\u0022label\u0022\u003E\n        Le Canal du Midi et ses platanes \u00e0 Villeneuve-les-B\u00e9ziers\u003Cspan class=\u0022copyright\u0022\u003E\n            \u00a9 Communaut\u00e9 Agglo B\u00e9ziers M\u00e9diterran\u00e9e\n    \u003C\/span\u003E\n    \u003C\/div\u003E\n    \u003Cdiv class=\u0022image\u0022\u003E\n        \n            \u003Cdiv class=\u0022field_media_image\u0022\u003E  \u003Cimg loading=\u0022lazy\u0022 src=\u0022\/sites\/mediterranee\/files\/styles\/visionneuse\/public\/medias\/images\/canal_midi_platanes_villeneuve_les_beziers.jpg.webp?itok=Eb7kHVa1\u0022 width=\u0022970\u0022 height=\u0022547\u0022 alt=\u0022Le Canal du Midi et ses platanes\u0022 \/\u003E\n\n\n\n\n\u003C\/div\u003E\n      \n    \u003C\/div\u003E\n\u003C\/div\u003E\n\u003C\/div\u003E\n                              \u003Cdiv class=\u0022swiper-slide image-wrapper\u0022\u003E\u003Cdiv\u003E\n    \n    \u003Cdiv class=\u0022label\u0022\u003E\n        B\u00e9ziers depuis le pont canal \u003Cspan class=\u0022copyright\u0022\u003E\n            \u00a9 Le Canal des 2 mers \u00e0 v\u00e9lo - J. Damase\n    \u003C\/span\u003E\n    \u003C\/div\u003E\n    \u003Cdiv class=\u0022image\u0022\u003E\n        \n            \u003Cdiv class=\u0022field_media_image\u0022\u003E  \u003Cimg loading=\u0022lazy\u0022 src=\u0022\/sites\/mediterranee\/files\/styles\/visionneuse\/public\/medias\/images\/bateau-sur-le-pont-canal-beziers.jpg.webp?itok=xbdWkA9n\u0022 width=\u0022970\u0022 height=\u0022547\u0022 alt=\u0022B\u00e9ziers depuis le pont canal \u0022 \/\u003E\n\n\n\n\n\u003C\/div\u003E\n      \n    \u003C\/div\u003E\n\u003C\/div\u003E\n\u003C\/div\u003E\n                              \u003Cdiv class=\u0022swiper-slide image-wrapper\u0022\u003E\u003Cdiv\u003E\n    \n    \u003Cdiv class=\u0022label\u0022\u003E\n        Les 9 Ecluses Fonseranes du Canal du Midi \u00e0 B\u00e9ziers\u003Cspan class=\u0022copyright\u0022\u003E\n            \u00a9 Le Canal des 2 mers \u00e0 v\u00e9lo - J. Damase\n    \u003C\/span\u003E\n    \u003C\/div\u003E\n    \u003Cdiv class=\u0022image\u0022\u003E\n        \n            \u003Cdiv class=\u0022field_media_image\u0022\u003E  \u003Cimg loading=\u0022lazy\u0022 src=\u0022\/sites\/mediterranee\/files\/styles\/visionneuse\/public\/medias\/images\/9-ecluses-fonserannes-beziers.jpg.webp?itok=q-pqnyCu\u0022 width=\u0022970\u0022 height=\u0022547\u0022 alt=\u0022Les 9 Ecluses Fonseranes du Canal du Midi \u00e0 B\u00e9ziers\u0022 \/\u003E\n\n\n\n\n\u003C\/div\u003E\n      \n    \u003C\/div\u003E\n\u003C\/div\u003E\n\u003C\/div\u003E\n                              \u003Cdiv class=\u0022swiper-slide image-wrapper\u0022\u003E\u003Cdiv\u003E\n    \n    \u003Cdiv class=\u0022label\u0022\u003E\n        Panorama sur la ville de S\u00e8te et l\u0026#039;\u00e9tang de Thau\u003Cspan class=\u0022copyright\u0022\u003E\n            \u00a9 Le Canal des 2 mers \u00e0 v\u00e9lo - J. Damase\n    \u003C\/span\u003E\n    \u003C\/div\u003E\n    \u003Cdiv class=\u0022image\u0022\u003E\n        \n            \u003Cdiv class=\u0022field_media_image\u0022\u003E  \u003Cimg loading=\u0022lazy\u0022 src=\u0022\/sites\/mediterranee\/files\/styles\/visionneuse\/public\/medias\/images\/panorama-sete.jpg.webp?itok=AUBDOSlu\u0022 width=\u0022970\u0022 height=\u0022547\u0022 alt=\u0022Panorama sur la ville de S\u00e8te et l\u0026#039;\u00e9tang de Thau\u0022 \/\u003E\n\n\n\n\n\u003C\/div\u003E\n      \n    \u003C\/div\u003E\n\u003C\/div\u003E\n\u003C\/div\u003E\n                              \u003Cdiv class=\u0022swiper-slide image-wrapper\u0022\u003E\u003Cdiv\u003E\n    \n    \u003Cdiv class=\u0022label\u0022\u003E\n        L\u0026#039;\u00e9cluse Ronde \u00e0 Agde\u003Cspan class=\u0022copyright\u0022\u003E\n            \u00a9 Le Canal des 2 mers \u00e0 v\u00e9lo - J. Damase\n    \u003C\/span\u003E\n    \u003C\/div\u003E\n    \u003Cdiv class=\u0022image\u0022\u003E\n        \n            \u003Cdiv class=\u0022field_media_image\u0022\u003E  \u003Cimg loading=\u0022lazy\u0022 src=\u0022\/sites\/mediterranee\/files\/styles\/visionneuse\/public\/medias\/images\/penche-ecluse-ronde-agde.jpg.webp?itok=27JViEit\u0022 width=\u0022970\u0022 height=\u0022547\u0022 alt=\u0022L\u0026#039;\u00e9cluse Ronde \u00e0 Agde\u0022 \/\u003E\n\n\n\n\n\u003C\/div\u003E\n      \n    \u003C\/div\u003E\n\u003C\/div\u003E\n\u003C\/div\u003E\n                          \u003C\/div\u003E\n          \u003C\/div\u003E\n          \u003Cdiv class=\u0022swiper-nav\u0022\u003E\n            \u003Cdiv class=\u0022swiper-button-prev\u0022\u003E\u003C\/div\u003E\n            \u003Cdiv class=\u0022swiper-button-next\u0022\u003E\u003C\/div\u003E\n          \u003C\/div\u003E\n        \u003C\/div\u003E\n        \u003Cdiv class=\u0022swiper-thumbs\u0022\u003E\n          \u003Cdiv class=\u0022swiper-container\u0022\u003E\n            \u003Cdiv class=\u0022swiper-wrapper\u0022\u003E\n                              \u003Cdiv class=\u0022swiper-slide\u0022\u003E\u003Cdiv\u003E\n  \n      \n            \u003Cdiv class=\u0022field_media_image\u0022\u003E  \u003Cimg loading=\u0022lazy\u0022 src=\u0022\/sites\/mediterranee\/files\/styles\/visionneuse_thumb\/public\/medias\/images\/ecluse_ronde_agde_0.jpg.webp?itok=dWFBHQTp\u0022 width=\u0022165\u0022 height=\u002295\u0022 alt=\u0022L\u0026#039;\u00e9cluse ronde d\u0026#039;Agde\u0022 \/\u003E\n\n\n\n\n\u003C\/div\u003E\n      \n  \u003C\/div\u003E\n\u003C\/div\u003E\n                              \u003Cdiv class=\u0022swiper-slide\u0022\u003E\u003Cdiv\u003E\n  \n      \n            \u003Cdiv class=\u0022field_media_image\u0022\u003E  \u003Cimg loading=\u0022lazy\u0022 src=\u0022\/sites\/mediterranee\/files\/styles\/visionneuse_thumb\/public\/medias\/images\/port_sete.jpg.webp?itok=loyTXuZ8\u0022 width=\u0022165\u0022 height=\u002295\u0022 alt=\u0022Le port S\u00e8te, joutes nautiques\u0022 \/\u003E\n\n\n\n\n\u003C\/div\u003E\n      \n  \u003C\/div\u003E\n\u003C\/div\u003E\n                              \u003Cdiv class=\u0022swiper-slide\u0022\u003E\u003Cdiv\u003E\n  \n      \n            \u003Cdiv class=\u0022field_media_image\u0022\u003E  \u003Cimg loading=\u0022lazy\u0022 src=\u0022\/sites\/mediterranee\/files\/styles\/visionneuse_thumb\/public\/medias\/images\/canal_midi_platanes_villeneuve_les_beziers.jpg.webp?itok=8LKp5bMP\u0022 width=\u0022165\u0022 height=\u002295\u0022 alt=\u0022Le Canal du Midi et ses platanes\u0022 \/\u003E\n\n\n\n\n\u003C\/div\u003E\n      \n  \u003C\/div\u003E\n\u003C\/div\u003E\n                              \u003Cdiv class=\u0022swiper-slide\u0022\u003E\u003Cdiv\u003E\n  \n      \n            \u003Cdiv class=\u0022field_media_image\u0022\u003E  \u003Cimg loading=\u0022lazy\u0022 src=\u0022\/sites\/mediterranee\/files\/styles\/visionneuse_thumb\/public\/medias\/images\/bateau-sur-le-pont-canal-beziers.jpg.webp?itok=JlGu43Js\u0022 width=\u0022165\u0022 height=\u002295\u0022 alt=\u0022B\u00e9ziers depuis le pont canal \u0022 \/\u003E\n\n\n\n\n\u003C\/div\u003E\n      \n  \u003C\/div\u003E\n\u003C\/div\u003E\n                              \u003Cdiv class=\u0022swiper-slide\u0022\u003E\u003Cdiv\u003E\n  \n      \n            \u003Cdiv class=\u0022field_media_image\u0022\u003E  \u003Cimg loading=\u0022lazy\u0022 src=\u0022\/sites\/mediterranee\/files\/styles\/visionneuse_thumb\/public\/medias\/images\/9-ecluses-fonserannes-beziers.jpg.webp?itok=loU9VUKc\u0022 width=\u0022165\u0022 height=\u002295\u0022 alt=\u0022Les 9 Ecluses Fonseranes du Canal du Midi \u00e0 B\u00e9ziers\u0022 \/\u003E\n\n\n\n\n\u003C\/div\u003E\n      \n  \u003C\/div\u003E\n\u003C\/div\u003E\n                              \u003Cdiv class=\u0022swiper-slide\u0022\u003E\u003Cdiv\u003E\n  \n      \n            \u003Cdiv class=\u0022field_media_image\u0022\u003E  \u003Cimg loading=\u0022lazy\u0022 src=\u0022\/sites\/mediterranee\/files\/styles\/visionneuse_thumb\/public\/medias\/images\/panorama-sete.jpg.webp?itok=PDDt_kyv\u0022 width=\u0022165\u0022 height=\u002295\u0022 alt=\u0022Panorama sur la ville de S\u00e8te et l\u0026#039;\u00e9tang de Thau\u0022 \/\u003E\n\n\n\n\n\u003C\/div\u003E\n      \n  \u003C\/div\u003E\n\u003C\/div\u003E\n                              \u003Cdiv class=\u0022swiper-slide\u0022\u003E\u003Cdiv\u003E\n  \n      \n            \u003Cdiv class=\u0022field_media_image\u0022\u003E  \u003Cimg loading=\u0022lazy\u0022 src=\u0022\/sites\/mediterranee\/files\/styles\/visionneuse_thumb\/public\/medias\/images\/penche-ecluse-ronde-agde.jpg.webp?itok=-rKYIpz4\u0022 width=\u0022165\u0022 height=\u002295\u0022 alt=\u0022L\u0026#039;\u00e9cluse Ronde \u00e0 Agde\u0022 \/\u003E\n\n\n\n\n\u003C\/div\u003E\n      \n  \u003C\/div\u003E\n\u003C\/div\u003E\n                          \u003C\/div\u003E\n          \u003C\/div\u003E\n        \u003C\/div\u003E\n          \u003C\/div\u003E\n  \u003C\/div\u003E\n\u003C\/div\u003E\n","settings":null}]