[{"command":"add_css","data":"\u003Clink rel=\u0022stylesheet\u0022 media=\u0022all\u0022 href=\u0022\/sites\/mediterranee\/files\/css\/css_WklYK80dAitqNwWyh3wz9VsEvDnRucxBF0P176QT5OU.css?delta=0\u0026amp;language=en\u0026amp;theme=mediterranee\u0026amp;include=eJxLKyvRLy7PLEgtAgAWSgQa\u0022 \/\u003E\n"},{"command":"insert","method":"append","selector":"body","data":"\u003Cscript src=\u0022\/sites\/mediterranee\/files\/js\/js_TpQJ03L2DYi9WBbsjQLnZeMYDsZ9zkOZBb1F1KFeRYM.js?scope=footer\u0026amp;delta=0\u0026amp;language=en\u0026amp;theme=mediterranee\u0026amp;include=eJwryyzOzM_LSy0tTtUvQ7ABc-sJoA\u0022\u003E\u003C\/script\u003E\n","settings":null},{"command":"insert","method":"append","selector":"body","data":"\u003Cdiv\u003E\n      \u003Cdiv id=\u0022visionneuse\u0022\u003E\n      \u003Ca href=\u0022#\u0022 class=\u0022close\u0022 title=\u0022Close\u0022\u003E\u003C\/a\u003E\n    \u003Cdiv class=\u0022content\u0022\u003E\n              \u003Cdiv class=\u0022swiper-images\u0022\u003E\n          \u003Cdiv class=\u0022swiper-container\u0022\u003E\n            \u003Cdiv class=\u0022swiper-wrapper\u0022\u003E\n                              \u003Cdiv class=\u0022swiper-slide image-wrapper\u0022\u003E\u003Cdiv\u003E\n    \n    \u003Cdiv class=\u0022label\u0022\u003E\n        Village de Rians\u003Cspan class=\u0022copyright\u0022\u003E\n            \u00a9 Village de Rians Fabrice Galile \u2013 2015\n    \u003C\/span\u003E\n    \u003C\/div\u003E\n    \u003Cdiv class=\u0022image\u0022\u003E\n        \n            \u003Cdiv class=\u0022field_media_image\u0022\u003E  \u003Cimg loading=\u0022lazy\u0022 src=\u0022\/sites\/mediterranee\/files\/styles\/visionneuse\/public\/medias\/images\/village-rians.jpg.webp?itok=S_sEAsXa\u0022 width=\u0022970\u0022 height=\u0022547\u0022 alt=\u0022Village de Rians\u0022 \/\u003E\n\n\n\n\n\u003C\/div\u003E\n      \n    \u003C\/div\u003E\n\u003C\/div\u003E\n\u003C\/div\u003E\n                              \u003Cdiv class=\u0022swiper-slide image-wrapper\u0022\u003E\u003Cdiv\u003E\n    \n    \u003Cdiv class=\u0022label\u0022\u003E\n        Ch\u00e2teau de St-Martin de Palli\u00e8res\u003Cspan class=\u0022copyright\u0022\u003E\n            \u00a9 Asso des villages de caract\u00e8res\n    \u003C\/span\u003E\n    \u003C\/div\u003E\n    \u003Cdiv class=\u0022image\u0022\u003E\n        \n            \u003Cdiv class=\u0022field_media_image\u0022\u003E  \u003Cimg loading=\u0022lazy\u0022 src=\u0022\/sites\/mediterranee\/files\/styles\/visionneuse\/public\/medias\/images\/chateau_saint_martin_pallieres.jpg.webp?itok=_YK6UN8Q\u0022 width=\u0022970\u0022 height=\u0022547\u0022 alt=\u0022Ch\u00e2teau de St-Martin de Palli\u00e8re\u0022 \/\u003E\n\n\n\n\n\u003C\/div\u003E\n      \n    \u003C\/div\u003E\n\u003C\/div\u003E\n\u003C\/div\u003E\n                              \u003Cdiv class=\u0022swiper-slide image-wrapper\u0022\u003E\u003Cdiv\u003E\n    \n    \u003Cdiv class=\u0022label\u0022\u003E\n        La cascade de Sillans-la-Cascade\u003Cspan class=\u0022copyright\u0022\u003E\n            \u00a9 C. Moirenc\n    \u003C\/span\u003E\n    \u003C\/div\u003E\n    \u003Cdiv class=\u0022image\u0022\u003E\n        \n            \u003Cdiv class=\u0022field_media_image\u0022\u003E  \u003Cimg loading=\u0022lazy\u0022 src=\u0022\/sites\/mediterranee\/files\/styles\/visionneuse\/public\/medias\/images\/sillans-la-cascade-cascade-personnages%20.jpg.webp?itok=ldpDJlrE\u0022 width=\u0022970\u0022 height=\u0022547\u0022 alt=\u0022La cascade de Sillans-la-Cascade sur La M\u00e9diterran\u00e9e \u00e0 v\u00e9lo\u0022 \/\u003E\n\n\n\n\n\u003C\/div\u003E\n      \n    \u003C\/div\u003E\n\u003C\/div\u003E\n\u003C\/div\u003E\n                              \u003Cdiv class=\u0022swiper-slide image-wrapper\u0022\u003E\u003Cdiv\u003E\n    \n    \u003Cdiv class=\u0022label\u0022\u003E\n        Pont du Gourgaret \u003Cspan class=\u0022copyright\u0022\u003E\n            \u00a9 C. MOIRENC\n    \u003C\/span\u003E\n    \u003C\/div\u003E\n    \u003Cdiv class=\u0022image\u0022\u003E\n        \n            \u003Cdiv class=\u0022field_media_image\u0022\u003E  \u003Cimg loading=\u0022lazy\u0022 src=\u0022\/sites\/mediterranee\/files\/styles\/visionneuse\/public\/medias\/images\/pont_du_gourgaret.jpg.webp?itok=hBvMClkP\u0022 width=\u0022970\u0022 height=\u0022547\u0022 alt=\u0022Pont du Gourgaret et son eau \u00e9meraude\u0022 \/\u003E\n\n\n\n\n\u003C\/div\u003E\n      \n    \u003C\/div\u003E\n\u003C\/div\u003E\n\u003C\/div\u003E\n                              \u003Cdiv class=\u0022swiper-slide image-wrapper\u0022\u003E\u003Cdiv\u003E\n    \n    \u003Cdiv class=\u0022label\u0022\u003E\n        Fortifications du village perch\u00e9 de Pont\u00e8ves\u003Cspan class=\u0022copyright\u0022\u003E\n            \u00a9 Luc Verney\n    \u003C\/span\u003E\n    \u003C\/div\u003E\n    \u003Cdiv class=\u0022image\u0022\u003E\n        \n            \u003Cdiv class=\u0022field_media_image\u0022\u003E  \u003Cimg loading=\u0022lazy\u0022 src=\u0022\/sites\/mediterranee\/files\/styles\/visionneuse\/public\/medias\/images\/village-perche-ponteves.jpg.webp?itok=uWMMM-Dj\u0022 width=\u0022970\u0022 height=\u0022547\u0022 alt=\u0022Fortifications du village perch\u00e9 de Pont\u00e8ves sur La M\u00e9diterran\u00e9e \u00e0 v\u00e9lo\u0022 \/\u003E\n\n\n\n\n\u003C\/div\u003E\n      \n    \u003C\/div\u003E\n\u003C\/div\u003E\n\u003C\/div\u003E\n                              \u003Cdiv class=\u0022swiper-slide image-wrapper\u0022\u003E\u003Cdiv\u003E\n    \n    \u003Cdiv class=\u0022label\u0022\u003E\n        Barjols\u003Cspan class=\u0022copyright\u0022\u003E\n            \u00a9 Olivier Simon G\u00e9ovar\n    \u003C\/span\u003E\n    \u003C\/div\u003E\n    \u003Cdiv class=\u0022image\u0022\u003E\n        \n            \u003Cdiv class=\u0022field_media_image\u0022\u003E  \u003Cimg loading=\u0022lazy\u0022 src=\u0022\/sites\/mediterranee\/files\/styles\/visionneuse\/public\/medias\/images\/barjols_olivier.jpg.webp?itok=sOqz2i5B\u0022 width=\u0022970\u0022 height=\u0022547\u0022 alt=\u0022Les toits de Barjols\u0022 \/\u003E\n\n\n\n\n\u003C\/div\u003E\n      \n    \u003C\/div\u003E\n\u003C\/div\u003E\n\u003C\/div\u003E\n                              \u003Cdiv class=\u0022swiper-slide image-wrapper\u0022\u003E\u003Cdiv\u003E\n    \n    \u003Cdiv class=\u0022label\u0022\u003E\n        Fontaine des limaces, Barjols\u003Cspan class=\u0022copyright\u0022\u003E\n            \u00a9 Provence Verte et Verdon Tourisme - Fabrice Galile\n    \u003C\/span\u003E\n    \u003C\/div\u003E\n    \u003Cdiv class=\u0022image\u0022\u003E\n        \n            \u003Cdiv class=\u0022field_media_image\u0022\u003E  \u003Cimg loading=\u0022lazy\u0022 src=\u0022\/sites\/mediterranee\/files\/styles\/visionneuse\/public\/medias\/images\/Fontaine%20des%20limaces%2C%20Barjols%20-%20Provence%20Verte%20et%20Verdon%20Tourisme%20-%20Fabrice%20Galile.jpg.webp?itok=U_gSO_xF\u0022 width=\u0022970\u0022 height=\u0022547\u0022 alt=\u0022Fontaine des limaces, Barjols\u0022 \/\u003E\n\n\n\n\n\u003C\/div\u003E\n      \n    \u003C\/div\u003E\n\u003C\/div\u003E\n\u003C\/div\u003E\n                              \u003Cdiv class=\u0022swiper-slide image-wrapper\u0022\u003E\u003Cdiv\u003E\n    \n    \u003Cdiv class=\u0022label\u0022\u003E\n        Coll\u00e9giale de Lorgues\u003Cspan class=\u0022copyright\u0022\u003E\n            \u00a9 C. Moirenc\n    \u003C\/span\u003E\n    \u003C\/div\u003E\n    \u003Cdiv class=\u0022image\u0022\u003E\n        \n            \u003Cdiv class=\u0022field_media_image\u0022\u003E  \u003Cimg loading=\u0022lazy\u0022 src=\u0022\/sites\/mediterranee\/files\/styles\/visionneuse\/public\/medias\/images\/collegiale_lorgues.jpg.webp?itok=c76mXezi\u0022 width=\u0022970\u0022 height=\u0022547\u0022 alt=\u0022Vue sur la coll\u00e9giale de Lorgues\u0022 \/\u003E\n\n\n\n\n\u003C\/div\u003E\n      \n    \u003C\/div\u003E\n\u003C\/div\u003E\n\u003C\/div\u003E\n                              \u003Cdiv class=\u0022swiper-slide image-wrapper\u0022\u003E\u003Cdiv\u003E\n    \n    \u003Cdiv class=\u0022label\u0022\u003E\n        Cascade de Sillans\u003Cspan class=\u0022copyright\u0022\u003E\n            \u00a9 Var Tourisme Pierre Hill\n    \u003C\/span\u003E\n    \u003C\/div\u003E\n    \u003Cdiv class=\u0022image\u0022\u003E\n        \n            \u003Cdiv class=\u0022field_media_image\u0022\u003E  \u003Cimg loading=\u0022lazy\u0022 src=\u0022\/sites\/mediterranee\/files\/styles\/visionneuse\/public\/medias\/images\/cascade_de_sillans_var.jpg.webp?itok=d1TRrULP\u0022 width=\u0022970\u0022 height=\u0022547\u0022 alt=\u0022Cascade de Sillans\u0022 \/\u003E\n\n\n\n\n\u003C\/div\u003E\n      \n    \u003C\/div\u003E\n\u003C\/div\u003E\n\u003C\/div\u003E\n                              \u003Cdiv class=\u0022swiper-slide image-wrapper\u0022\u003E\u003Cdiv\u003E\n    \n    \u003Cdiv class=\u0022label\u0022\u003E\n        Village de Cotignac\u003Cspan class=\u0022copyright\u0022\u003E\n            \u00a9 Gabrielle Voineau\n    \u003C\/span\u003E\n    \u003C\/div\u003E\n    \u003Cdiv class=\u0022image\u0022\u003E\n        \n            \u003Cdiv class=\u0022field_media_image\u0022\u003E  \u003Cimg loading=\u0022lazy\u0022 src=\u0022\/sites\/mediterranee\/files\/styles\/visionneuse\/public\/medias\/images\/Cotignac-Gabrielle%20Voineau.jpg.webp?itok=p15pO6YV\u0022 width=\u0022970\u0022 height=\u0022547\u0022 alt=\u0022Village de Cotignac sur La M\u00e9diterran\u00e9e \u00e0 v\u00e9lo\u0022 \/\u003E\n\n\n\n\n\u003C\/div\u003E\n      \n    \u003C\/div\u003E\n\u003C\/div\u003E\n\u003C\/div\u003E\n                              \u003Cdiv class=\u0022swiper-slide image-wrapper\u0022\u003E\u003Cdiv\u003E\n    \n    \u003Cdiv class=\u0022label\u0022\u003E\n        Vallon des Carmes, Barjols\u003Cspan class=\u0022copyright\u0022\u003E\n            \u00a9 Karyn Orengo\n    \u003C\/span\u003E\n    \u003C\/div\u003E\n    \u003Cdiv class=\u0022image\u0022\u003E\n        \n            \u003Cdiv class=\u0022field_media_image\u0022\u003E  \u003Cimg loading=\u0022lazy\u0022 src=\u0022\/sites\/mediterranee\/files\/styles\/visionneuse\/public\/medias\/images\/Vallon%20des%20Carmes%2C%20Barjols%20-%20Karyn%20Orengo.JPG.webp?itok=zHW6CPx8\u0022 width=\u0022970\u0022 height=\u0022547\u0022 alt=\u0022Vallon des Carmes, Barjols\u0022 \/\u003E\n\n\n\n\n\u003C\/div\u003E\n      \n    \u003C\/div\u003E\n\u003C\/div\u003E\n\u003C\/div\u003E\n                              \u003Cdiv class=\u0022swiper-slide image-wrapper\u0022\u003E\u003Cdiv\u003E\n    \n    \u003Cdiv class=\u0022label\u0022\u003E\n        Esparron-de-Palli\u00e8res\u003Cspan class=\u0022copyright\u0022\u003E\n            \u00a9 Syndicat Mixte Provence Verte Verdon - R.Callier\n    \u003C\/span\u003E\n    \u003C\/div\u003E\n    \u003Cdiv class=\u0022image\u0022\u003E\n        \n            \u003Cdiv class=\u0022field_media_image\u0022\u003E  \u003Cimg loading=\u0022lazy\u0022 src=\u0022\/sites\/mediterranee\/files\/styles\/visionneuse\/public\/medias\/images\/Esparron-de-Pallieres%20-%20Syndicat%20Mixte%20Provence%20Verte%20Verdon%20-%20R.Callier.jpg.webp?itok=B2V58-3E\u0022 width=\u0022970\u0022 height=\u0022547\u0022 alt=\u0022Esparron-de-Palli\u00e8res\u0022 \/\u003E\n\n\n\n\n\u003C\/div\u003E\n      \n    \u003C\/div\u003E\n\u003C\/div\u003E\n\u003C\/div\u003E\n                              \u003Cdiv class=\u0022swiper-slide image-wrapper\u0022\u003E\u003Cdiv\u003E\n    \n    \u003Cdiv class=\u0022label\u0022\u003E\n        Fontaine du Real, Barjols\u003Cspan class=\u0022copyright\u0022\u003E\n            \u00a9 Provence Verte et Verdon Tourisme - Fabrice Galile\n    \u003C\/span\u003E\n    \u003C\/div\u003E\n    \u003Cdiv class=\u0022image\u0022\u003E\n        \n            \u003Cdiv class=\u0022field_media_image\u0022\u003E  \u003Cimg loading=\u0022lazy\u0022 src=\u0022\/sites\/mediterranee\/files\/styles\/visionneuse\/public\/medias\/images\/Fontaine%20du%20Real%2C%20Barjols%20-%20Provence%20Verte%20et%20Verdon%20Tourisme%20-%20Fabrice%20Galile.jpg.webp?itok=dbUc3T4r\u0022 width=\u0022970\u0022 height=\u0022547\u0022 alt=\u0022Fontaine du Real, Barjols\u0022 \/\u003E\n\n\n\n\n\u003C\/div\u003E\n      \n    \u003C\/div\u003E\n\u003C\/div\u003E\n\u003C\/div\u003E\n                          \u003C\/div\u003E\n          \u003C\/div\u003E\n          \u003Cdiv class=\u0022swiper-nav\u0022\u003E\n            \u003Cdiv class=\u0022swiper-button-prev\u0022\u003E\u003C\/div\u003E\n            \u003Cdiv class=\u0022swiper-button-next\u0022\u003E\u003C\/div\u003E\n          \u003C\/div\u003E\n        \u003C\/div\u003E\n        \u003Cdiv class=\u0022swiper-thumbs\u0022\u003E\n          \u003Cdiv class=\u0022swiper-container\u0022\u003E\n            \u003Cdiv class=\u0022swiper-wrapper\u0022\u003E\n                              \u003Cdiv class=\u0022swiper-slide\u0022\u003E\u003Cdiv\u003E\n  \n      \n            \u003Cdiv class=\u0022field_media_image\u0022\u003E  \u003Cimg loading=\u0022lazy\u0022 src=\u0022\/sites\/mediterranee\/files\/styles\/visionneuse_thumb\/public\/medias\/images\/village-rians.jpg.webp?itok=6ceTldJV\u0022 width=\u0022165\u0022 height=\u002295\u0022 alt=\u0022Village de Rians\u0022 \/\u003E\n\n\n\n\n\u003C\/div\u003E\n      \n  \u003C\/div\u003E\n\u003C\/div\u003E\n                              \u003Cdiv class=\u0022swiper-slide\u0022\u003E\u003Cdiv\u003E\n  \n      \n            \u003Cdiv class=\u0022field_media_image\u0022\u003E  \u003Cimg loading=\u0022lazy\u0022 src=\u0022\/sites\/mediterranee\/files\/styles\/visionneuse_thumb\/public\/medias\/images\/chateau_saint_martin_pallieres.jpg.webp?itok=GWWKiw5_\u0022 width=\u0022165\u0022 height=\u002295\u0022 alt=\u0022Ch\u00e2teau de St-Martin de Palli\u00e8re\u0022 \/\u003E\n\n\n\n\n\u003C\/div\u003E\n      \n  \u003C\/div\u003E\n\u003C\/div\u003E\n                              \u003Cdiv class=\u0022swiper-slide\u0022\u003E\u003Cdiv\u003E\n  \n      \n            \u003Cdiv class=\u0022field_media_image\u0022\u003E  \u003Cimg loading=\u0022lazy\u0022 src=\u0022\/sites\/mediterranee\/files\/styles\/visionneuse_thumb\/public\/medias\/images\/sillans-la-cascade-cascade-personnages%20.jpg.webp?itok=sV2WP4En\u0022 width=\u0022165\u0022 height=\u002295\u0022 alt=\u0022La cascade de Sillans-la-Cascade sur La M\u00e9diterran\u00e9e \u00e0 v\u00e9lo\u0022 \/\u003E\n\n\n\n\n\u003C\/div\u003E\n      \n  \u003C\/div\u003E\n\u003C\/div\u003E\n                              \u003Cdiv class=\u0022swiper-slide\u0022\u003E\u003Cdiv\u003E\n  \n      \n            \u003Cdiv class=\u0022field_media_image\u0022\u003E  \u003Cimg loading=\u0022lazy\u0022 src=\u0022\/sites\/mediterranee\/files\/styles\/visionneuse_thumb\/public\/medias\/images\/pont_du_gourgaret.jpg.webp?itok=F3AqWs9r\u0022 width=\u0022165\u0022 height=\u002295\u0022 alt=\u0022Pont du Gourgaret et son eau \u00e9meraude\u0022 \/\u003E\n\n\n\n\n\u003C\/div\u003E\n      \n  \u003C\/div\u003E\n\u003C\/div\u003E\n                              \u003Cdiv class=\u0022swiper-slide\u0022\u003E\u003Cdiv\u003E\n  \n      \n            \u003Cdiv class=\u0022field_media_image\u0022\u003E  \u003Cimg loading=\u0022lazy\u0022 src=\u0022\/sites\/mediterranee\/files\/styles\/visionneuse_thumb\/public\/medias\/images\/village-perche-ponteves.jpg.webp?itok=SMTemtAr\u0022 width=\u0022165\u0022 height=\u002295\u0022 alt=\u0022Fortifications du village perch\u00e9 de Pont\u00e8ves sur La M\u00e9diterran\u00e9e \u00e0 v\u00e9lo\u0022 \/\u003E\n\n\n\n\n\u003C\/div\u003E\n      \n  \u003C\/div\u003E\n\u003C\/div\u003E\n                              \u003Cdiv class=\u0022swiper-slide\u0022\u003E\u003Cdiv\u003E\n  \n      \n            \u003Cdiv class=\u0022field_media_image\u0022\u003E  \u003Cimg loading=\u0022lazy\u0022 src=\u0022\/sites\/mediterranee\/files\/styles\/visionneuse_thumb\/public\/medias\/images\/barjols_olivier.jpg.webp?itok=TbcaB4PY\u0022 width=\u0022165\u0022 height=\u002295\u0022 alt=\u0022Les toits de Barjols\u0022 \/\u003E\n\n\n\n\n\u003C\/div\u003E\n      \n  \u003C\/div\u003E\n\u003C\/div\u003E\n                              \u003Cdiv class=\u0022swiper-slide\u0022\u003E\u003Cdiv\u003E\n  \n      \n            \u003Cdiv class=\u0022field_media_image\u0022\u003E  \u003Cimg loading=\u0022lazy\u0022 src=\u0022\/sites\/mediterranee\/files\/styles\/visionneuse_thumb\/public\/medias\/images\/Fontaine%20des%20limaces%2C%20Barjols%20-%20Provence%20Verte%20et%20Verdon%20Tourisme%20-%20Fabrice%20Galile.jpg.webp?itok=BF4TXnPN\u0022 width=\u0022165\u0022 height=\u002295\u0022 alt=\u0022Fontaine des limaces, Barjols\u0022 \/\u003E\n\n\n\n\n\u003C\/div\u003E\n      \n  \u003C\/div\u003E\n\u003C\/div\u003E\n                              \u003Cdiv class=\u0022swiper-slide\u0022\u003E\u003Cdiv\u003E\n  \n      \n            \u003Cdiv class=\u0022field_media_image\u0022\u003E  \u003Cimg loading=\u0022lazy\u0022 src=\u0022\/sites\/mediterranee\/files\/styles\/visionneuse_thumb\/public\/medias\/images\/collegiale_lorgues.jpg.webp?itok=1Iq0-qbN\u0022 width=\u0022165\u0022 height=\u002295\u0022 alt=\u0022Vue sur la coll\u00e9giale de Lorgues\u0022 \/\u003E\n\n\n\n\n\u003C\/div\u003E\n      \n  \u003C\/div\u003E\n\u003C\/div\u003E\n                              \u003Cdiv class=\u0022swiper-slide\u0022\u003E\u003Cdiv\u003E\n  \n      \n            \u003Cdiv class=\u0022field_media_image\u0022\u003E  \u003Cimg loading=\u0022lazy\u0022 src=\u0022\/sites\/mediterranee\/files\/styles\/visionneuse_thumb\/public\/medias\/images\/cascade_de_sillans_var.jpg.webp?itok=3g6SBR99\u0022 width=\u0022165\u0022 height=\u002295\u0022 alt=\u0022Cascade de Sillans\u0022 \/\u003E\n\n\n\n\n\u003C\/div\u003E\n      \n  \u003C\/div\u003E\n\u003C\/div\u003E\n                              \u003Cdiv class=\u0022swiper-slide\u0022\u003E\u003Cdiv\u003E\n  \n      \n            \u003Cdiv class=\u0022field_media_image\u0022\u003E  \u003Cimg loading=\u0022lazy\u0022 src=\u0022\/sites\/mediterranee\/files\/styles\/visionneuse_thumb\/public\/medias\/images\/Cotignac-Gabrielle%20Voineau.jpg.webp?itok=mJw4xxJ3\u0022 width=\u0022165\u0022 height=\u002295\u0022 alt=\u0022Village de Cotignac sur La M\u00e9diterran\u00e9e \u00e0 v\u00e9lo\u0022 \/\u003E\n\n\n\n\n\u003C\/div\u003E\n      \n  \u003C\/div\u003E\n\u003C\/div\u003E\n                              \u003Cdiv class=\u0022swiper-slide\u0022\u003E\u003Cdiv\u003E\n  \n      \n            \u003Cdiv class=\u0022field_media_image\u0022\u003E  \u003Cimg loading=\u0022lazy\u0022 src=\u0022\/sites\/mediterranee\/files\/styles\/visionneuse_thumb\/public\/medias\/images\/Vallon%20des%20Carmes%2C%20Barjols%20-%20Karyn%20Orengo.JPG.webp?itok=a_BYfNjO\u0022 width=\u0022165\u0022 height=\u002295\u0022 alt=\u0022Vallon des Carmes, Barjols\u0022 \/\u003E\n\n\n\n\n\u003C\/div\u003E\n      \n  \u003C\/div\u003E\n\u003C\/div\u003E\n                              \u003Cdiv class=\u0022swiper-slide\u0022\u003E\u003Cdiv\u003E\n  \n      \n            \u003Cdiv class=\u0022field_media_image\u0022\u003E  \u003Cimg loading=\u0022lazy\u0022 src=\u0022\/sites\/mediterranee\/files\/styles\/visionneuse_thumb\/public\/medias\/images\/Esparron-de-Pallieres%20-%20Syndicat%20Mixte%20Provence%20Verte%20Verdon%20-%20R.Callier.jpg.webp?itok=UFfAQbkm\u0022 width=\u0022165\u0022 height=\u002295\u0022 alt=\u0022Esparron-de-Palli\u00e8res\u0022 \/\u003E\n\n\n\n\n\u003C\/div\u003E\n      \n  \u003C\/div\u003E\n\u003C\/div\u003E\n                              \u003Cdiv class=\u0022swiper-slide\u0022\u003E\u003Cdiv\u003E\n  \n      \n            \u003Cdiv class=\u0022field_media_image\u0022\u003E  \u003Cimg loading=\u0022lazy\u0022 src=\u0022\/sites\/mediterranee\/files\/styles\/visionneuse_thumb\/public\/medias\/images\/Fontaine%20du%20Real%2C%20Barjols%20-%20Provence%20Verte%20et%20Verdon%20Tourisme%20-%20Fabrice%20Galile.jpg.webp?itok=mfH64u6R\u0022 width=\u0022165\u0022 height=\u002295\u0022 alt=\u0022Fontaine du Real, Barjols\u0022 \/\u003E\n\n\n\n\n\u003C\/div\u003E\n      \n  \u003C\/div\u003E\n\u003C\/div\u003E\n                          \u003C\/div\u003E\n          \u003C\/div\u003E\n        \u003C\/div\u003E\n          \u003C\/div\u003E\n  \u003C\/div\u003E\n\u003C\/div\u003E\n","settings":null}]